{"id":730,"date":"2017-05-02T19:46:21","date_gmt":"2017-05-02T18:46:21","guid":{"rendered":"http:\/\/www.atheologie.de\/blog\/?p=730"},"modified":"2018-01-02T20:28:32","modified_gmt":"2018-01-02T19:28:32","slug":"dieselgate-bei-vw-audi-vorschlag-einer-ethischen-kompensation","status":"publish","type":"post","link":"https:\/\/www.atheologie.de\/blog\/?p=730","title":{"rendered":"Dieselgate bei VW &#038; Audi &#8211; Vorschlag einer ethischen Kompensation"},"content":{"rendered":"<p>Auch mein Audi A4 ist betroffen vom Betrug bei Dieselmotoren der Marke Volkswagen (siehe zum Beispiel <a href=\"http:\/\/www.sueddeutsche.de\/auto\/kommentar-die-diesel-luege-1.3485293\">&#8222;Der Dieselantrieb ist eine gro\u00dfe L\u00fcge&#8220;, S\u00fcddeutsche Zeitung<\/a>). Als ethische Kompensation habe ich Audi daher gebeten f\u00fcr meinen Fall 500\u20ac an eine Umweltschutzorganisation zu spenden. Meine E-Mail an die Audi-Kundenbetreuung hier in Kopie:<\/p>\n<p>&#8222;<em>Sehr geehrte Damen und Herren,<\/em><\/p>\n<p><em>in Ihrem Schreiben vom Januar 2017 haben Sie mich gebeten, meinen Audi<\/em><br \/>\n<em> A4 &#8222;umprogrammieren&#8220; zu lassen, da aufgrund einer &#8222;Motorsteuerger\u00e4te<\/em><br \/>\n<em> Software&#8220; die Spezifikation des Motors hinsichtlich des NOx-Aussto\u00dfes<\/em><br \/>\n<em> nicht der entspricht, die von Ihnen urspr\u00fcnglich angegeben wurde. Diese<\/em><br \/>\n<em> Spezifikation war f\u00fcr mich ausschlaggebend, einen Dieselgebrauchtwagen<\/em><br \/>\n<em> mit EURO-5-Norm zu kaufen. Ich komme Ihrer Aufforderung gerne nach.<\/em><\/p>\n<p><em>In Ihrem Schreiben &#8222;m\u00f6chten&#8220; Sie sich &#8222;entschuldigen&#8220;. Allerdings kann<\/em><br \/>\n<em> man um Entschuldigung nur bitten, sich diese jedoch nicht selbst gew\u00e4hren.<\/em><\/p>\n<p><em>Ich bitte Sie als ethische Kompensation f\u00fcr diesen Betrug an mir und der<\/em><br \/>\n<em> Umwelt in Bezug auf meinen Audi A4 500\u20ac an eine von Ihnen ausgew\u00e4hlte<\/em><br \/>\n<em> Umweltschutzorganisation zu spenden. Sollten Sie dieser Bitte<\/em><br \/>\n<em> nachkommen, bin ich gerne bereit, Ihr Fehlverhalten in diesem Fall zu<\/em><br \/>\n<em> entschuldigen.<\/em><\/p>\n<p><em>Bitte teilen Sie mir bis zum 31.5.2017 mit, ob Sie meiner Bitte<\/em><br \/>\n<em> entsprechen.<\/em><\/p>\n<p><em>Um meiner Bitte Nachdruck zu verleihen, erlaube ich mir, diese zu<\/em><br \/>\n<em> ver\u00f6ffentlichen.<\/em><\/p>\n<p><em>Des Weiteren m\u00f6chte ich Sie animieren, den Werbespruch &#8222;Vorsprung durch<\/em><br \/>\n<em> Technik&#8220; nicht mehr zu verwenden.<\/em>&#8220;<\/p>\n<h1>Erg\u00e4nzung 8.5.2017:<\/h1>\n<p>Am 7.5.2017 hat mir Audi sehr freundlich geantwortet, und, nat\u00fcrlich nicht komplett unerwartet, meiner Bitte nicht entsprochen &#8211;\u00a0 mit der Begr\u00fcndung, da\u00df die Audi AG &#8222;bereits sozial sehr engagiert ist und bereits in vielen Bereichen aktiv ihre Unterstuetzung anbietet&#8220;. Na gut, ich habe es versucht.<\/p>\n<p>(Bildquelle: <a href=\"https:\/\/pixabay.com\/de\/diesel-tankuhr-tankstelle-tanken-1122312\/\">Pixabay<\/a>)<\/p>\n","protected":false},"excerpt":{"rendered":"<p>Auch mein Audi A4 ist betroffen vom Betrug bei Dieselmotoren der Marke Volkswagen (siehe zum Beispiel &#8222;Der Dieselantrieb ist eine gro\u00dfe L\u00fcge&#8220;, S\u00fcddeutsche Zeitung). Als ethische Kompensation habe ich Audi daher gebeten f\u00fcr meinen Fall 500\u20ac an eine Umweltschutzorganisation zu spenden. Meine E-Mail an die Audi-Kundenbetreuung hier in Kopie: &#8222;Sehr geehrte Damen und Herren, in [&hellip;]<\/p>\n","protected":false},"author":2,"featured_media":732,"comment_status":"closed","ping_status":"open","sticky":false,"template":"","format":"standard","meta":{"footnotes":""},"categories":[3],"tags":[],"class_list":["post-730","post","type-post","status-publish","format-standard","has-post-thumbnail","hentry","category-politik"],"_links":{"self":[{"href":"https:\/\/www.atheologie.de\/blog\/index.php?rest_route=\/wp\/v2\/posts\/730","targetHints":{"allow":["GET"]}}],"collection":[{"href":"https:\/\/www.atheologie.de\/blog\/index.php?rest_route=\/wp\/v2\/posts"}],"about":[{"href":"https:\/\/www.atheologie.de\/blog\/index.php?rest_route=\/wp\/v2\/types\/post"}],"author":[{"embeddable":true,"href":"https:\/\/www.atheologie.de\/blog\/index.php?rest_route=\/wp\/v2\/users\/2"}],"replies":[{"embeddable":true,"href":"https:\/\/www.atheologie.de\/blog\/index.php?rest_route=%2Fwp%2Fv2%2Fcomments&post=730"}],"version-history":[{"count":4,"href":"https:\/\/www.atheologie.de\/blog\/index.php?rest_route=\/wp\/v2\/posts\/730\/revisions"}],"predecessor-version":[{"id":758,"href":"https:\/\/www.atheologie.de\/blog\/index.php?rest_route=\/wp\/v2\/posts\/730\/revisions\/758"}],"wp:featuredmedia":[{"embeddable":true,"href":"https:\/\/www.atheologie.de\/blog\/index.php?rest_route=\/wp\/v2\/media\/732"}],"wp:attachment":[{"href":"https:\/\/www.atheologie.de\/blog\/index.php?rest_route=%2Fwp%2Fv2%2Fmedia&parent=730"}],"wp:term":[{"taxonomy":"category","embeddable":true,"href":"https:\/\/www.atheologie.de\/blog\/index.php?rest_route=%2Fwp%2Fv2%2Fcategories&post=730"},{"taxonomy":"post_tag","embeddable":true,"href":"https:\/\/www.atheologie.de\/blog\/index.php?rest_route=%2Fwp%2Fv2%2Ftags&post=730"}],"curies":[{"name":"wp","href":"https:\/\/api.w.org\/{rel}","templated":true}]}}