{"id":615,"date":"2015-05-05T02:55:25","date_gmt":"2015-05-05T00:55:25","guid":{"rendered":"http:\/\/www.atheologie.de\/blog\/?p=615"},"modified":"2020-04-12T15:13:09","modified_gmt":"2020-04-12T14:13:09","slug":"mehrheit-der-muenchner-konfessionslos","status":"publish","type":"post","link":"https:\/\/www.atheologie.de\/blog\/?p=615","title":{"rendered":"Mehrheit der M\u00fcnchnerinnen und M\u00fcnchner Konfessionslos"},"content":{"rendered":"<p>Der Trend der letzten Jahre best\u00e4tigt: Die Mehrheit der M\u00fcnchner B\u00fcrgerinnen und B\u00fcrger sind weder christlich noch israelitisch, sondern laut<a href=\"https:\/\/www.muenchen.de\/rathaus\/Stadtinfos\/Statistik\/Bev-lkerung\/Bev-lkerungsbestand.html\" target=\"_blank\" rel=\"noopener noreferrer\"> Statistik der Landeshauptstadt M\u00fcnchen<\/a> &#8222;Sonstige&#8220;, das hei\u00dft sie haben keine Konfession angegeben oder sind konfessionslos.<\/p>\n<p>Jakob Wetzel \u00fcberlegt in seinem <a href=\"http:\/\/www.sueddeutsche.de\/muenchen\/kommentar-nur-noch-ein-dienstleister-1.2464324\" target=\"_blank\" rel=\"noopener noreferrer\">Kommentar in der S\u00fcddeutschen<\/a>, was die Gr\u00fcnde der M\u00fcnchnerinnen und M\u00fcnchner f\u00fcr einen Kirchenaustritt seien. Er nennt den Mi\u00dfbrauchskandal, die Besteuerung von Kapitalertr\u00e4gen, Tebartz-van Elst und das Kirchen nur noch als Dienstleister angesehen w\u00fcrden. Er vergi\u00dft m\u00f6glicherweise den wichtigsten Grund: die Menschen sind schlichtweg nicht mehr religi\u00f6s, wollen keine Bevormundung durch ein ideologisches, irrationales Gedankengeb\u00e4ude der Religionen mehr, sondern m\u00f6chten selbst frei denken, Freigeistig sein, eigene Werte aufgrund von rationalen \u00dcberlegungen bilden. <!--more--><\/p>\n<p>Bei Jakob Wetzel klingt an: der R\u00fcckgang bei den Kirchenmitgliedern sei etwas schlechtes, ein Werteverlust. Doch im Gegenteil: Er ist ein Zeichen des Vertrauens in ein Leben ohne irrationalem Glauben, ohne Indoktrination, ohne Regeln, die ethisch nicht zu begr\u00fcnden sind; ein Vertrauen in die eigene Unabh\u00e4ngigkeit und Freiheit.<\/p>\n<p>M\u00fcnchen ist weniger christlich als der Durchschnitt Deutschlands: Laut <a href=\"http:\/\/fowid.de\/fileadmin\/datenarchiv\/Religionszugehoerigkeit\/Religionszugehoerigkeit_Bevoelkerung_Deutschland_2014.pdf\" target=\"_blank\" rel=\"noopener noreferrer\">Fowid<\/a> sind in Deutschland 59,7% der Deutschen entweder Katholisch, Evangelisch oder in evangelischen Freikirchen. M\u00fcnchen liegt hier mit 46,2% weit darunter. Fowid sch\u00e4tzt den Anteil Muslimischer, Orthodoxer und anderer Religionen auf 6,1%.&nbsp; Den Anteil j\u00fcdischer Gemeinden sch\u00e4tzt Fowid zu 0,1% &#8211; in M\u00fcnchen 0,3%. Nimmt man grob an, da\u00df die Verteilung auf Muslime, Orthodoxe und andere Religionen auch auf M\u00fcnchen anwendbar ist, so ergibt sich, rein rechnerisch, f\u00fcr M\u00fcnchen ein Anteil nicht religi\u00f6ser Menschen von etwa 47,4% &#8211; und damit weitaus h\u00f6her als der bundesweite Anteil von 34,0%.<\/p>\n<p>Nat\u00fcrlich sind diese Zahlen mit Vorsicht zu betrachten: Die Aussage, ob &#8222;konfessionslos&#8220; gleich &#8222;religionslos&#8220; zu setzen ist, l\u00e4\u00dft sich anzweifeln: Einige in dieser Gruppe m\u00f6gen religi\u00f6s sein, auch wenn sie formell keiner Konfession angeh\u00f6ren. Nur andersherum gilt das gleiche: viele Menschen, die noch Mitglied der Gro\u00dfkirchen sind, sind l\u00e4ngst eher dem agnostischen oder atheistischen Spektrum zuzuordnen. Somit sind die Zahlen, die wir hier haben, sicher mit Fehler behaftet, jedoch wohl die beste Rechengrundlage, die wir haben.<\/p>\n<p>Unbestreitbar ist: Konfessionsfreie bilden in M\u00fcnchen und auch bundesweit einen erheblichen Teil der Bev\u00f6lkerung. Es wird endlich Zeit, auch deren Werte und Ziele in Politik und Gesellschaft angemessen zu ber\u00fccksichtigen: In den Parteien, in den Rundfunkr\u00e4ten, beim Wort zum Sonntag, bei den B\u00fcrgerdialogen der Bundesregierung, beim deutschen Ethikrat. Selbst beim Aufstellen der Maib\u00e4ume sollte nicht nur der Pfarrer segnen, sondern auch ein konfessionsfreier Humanist ein paar Worte sprechen.<\/p>\n<p>Andererseits gilt auch: Diese Menge an Menschen darf weltanschaulich nicht alleine gelassen werden. &#8222;Konfessionsfrei&#8220; oder &#8222;atheistisch&#8220; sind keine Weltbilder, sondern Eigenschaften; sie k\u00f6nnen alleine nicht die Werte unserer Gesellschaft bilden. Aus dem Humanismus oder den Menschenrechten lie\u00dfen sich ethische Normen f\u00fcr unsere Gesellschaft ableiten, die sowohl religi\u00f6sen als auch religionslosen Menschen ein Leben in &#8222;Einigkeit, Recht und Freiheit&#8220; erm\u00f6glichen k\u00f6nnten. Als Gesellschaft m\u00fcssen wir uns auf gemeinsame Werte einigen &#8211; damit weder Pegida, Islamismus noch Rechtsextremismus Werte erzeugen, die unserem Grundgesetz widersprechen.<\/p>\n<p><strong>Quellen:<\/strong><\/p>\n<ul>\n<li><a title=\"S\u00fcddeutsche Zeitung - Kirchenaustritte - Nur noch ein Dienstleister\" href=\"http:\/\/www.sueddeutsche.de\/muenchen\/kommentar-nur-noch-ein-dienstleister-1.2464324\" target=\"_blank\" rel=\"noopener noreferrer\">S\u00fcddeutsche Zeitung &#8222;Kirchenaustritte &#8211; Nur noch ein Dienstleister&#8220;<\/a> (Druckausgabe vom 5.5.2015)<\/li>\n<li><a href=\"http:\/\/www.sueddeutsche.de\/muenchen\/statistik-neuer-rekord-bei-kirchenaustritten-1.2464326\" target=\"_blank\" rel=\"noopener noreferrer\">S\u00fcddeutsche Zeitung &#8222;Neuer Rekord bei Kirchenaustritten&#8220;<\/a> (Druckausgabe vom 5.5.15)<\/li>\n<li><a href=\"https:\/\/www.muenchen.de\/rathaus\/Stadtinfos\/Statistik\/Bev-lkerung\/Bev-lkerungsbestand.html\" target=\"_blank\" rel=\"noopener noreferrer\">Landeshauptstadt M\u00fcnchen &#8211; Statistik &#8211; Bev\u00f6lkerungsbestand\/Konfessionen<\/a><\/li>\n<li><a href=\"http:\/\/fowid.de\/fileadmin\/datenarchiv\/Religionszugehoerigkeit\/Religionszugehoerigkeit_Bevoelkerung_Deutschland_2014.pdf\" target=\"_blank\" rel=\"noopener noreferrer\">Fowid.de &#8211; Religionszugeh\u00f6rigkeit 2014<\/a><\/li>\n<\/ul>\n","protected":false},"excerpt":{"rendered":"<p>Der Trend der letzten Jahre best\u00e4tigt: Die Mehrheit der M\u00fcnchner B\u00fcrgerinnen und B\u00fcrger sind weder christlich noch israelitisch, sondern laut Statistik der Landeshauptstadt M\u00fcnchen &#8222;Sonstige&#8220;, das hei\u00dft sie haben keine Konfession angegeben oder sind konfessionslos. Jakob Wetzel \u00fcberlegt in seinem Kommentar in der S\u00fcddeutschen, was die Gr\u00fcnde der M\u00fcnchnerinnen und M\u00fcnchner f\u00fcr einen Kirchenaustritt seien. [&hellip;]<\/p>\n","protected":false},"author":1,"featured_media":618,"comment_status":"closed","ping_status":"open","sticky":false,"template":"","format":"standard","meta":{"footnotes":""},"categories":[2,3],"tags":[],"class_list":["post-615","post","type-post","status-publish","format-standard","has-post-thumbnail","hentry","category-atheismus-atheologie","category-politik"],"_links":{"self":[{"href":"https:\/\/www.atheologie.de\/blog\/index.php?rest_route=\/wp\/v2\/posts\/615","targetHints":{"allow":["GET"]}}],"collection":[{"href":"https:\/\/www.atheologie.de\/blog\/index.php?rest_route=\/wp\/v2\/posts"}],"about":[{"href":"https:\/\/www.atheologie.de\/blog\/index.php?rest_route=\/wp\/v2\/types\/post"}],"author":[{"embeddable":true,"href":"https:\/\/www.atheologie.de\/blog\/index.php?rest_route=\/wp\/v2\/users\/1"}],"replies":[{"embeddable":true,"href":"https:\/\/www.atheologie.de\/blog\/index.php?rest_route=%2Fwp%2Fv2%2Fcomments&post=615"}],"version-history":[{"count":10,"href":"https:\/\/www.atheologie.de\/blog\/index.php?rest_route=\/wp\/v2\/posts\/615\/revisions"}],"predecessor-version":[{"id":994,"href":"https:\/\/www.atheologie.de\/blog\/index.php?rest_route=\/wp\/v2\/posts\/615\/revisions\/994"}],"wp:featuredmedia":[{"embeddable":true,"href":"https:\/\/www.atheologie.de\/blog\/index.php?rest_route=\/wp\/v2\/media\/618"}],"wp:attachment":[{"href":"https:\/\/www.atheologie.de\/blog\/index.php?rest_route=%2Fwp%2Fv2%2Fmedia&parent=615"}],"wp:term":[{"taxonomy":"category","embeddable":true,"href":"https:\/\/www.atheologie.de\/blog\/index.php?rest_route=%2Fwp%2Fv2%2Fcategories&post=615"},{"taxonomy":"post_tag","embeddable":true,"href":"https:\/\/www.atheologie.de\/blog\/index.php?rest_route=%2Fwp%2Fv2%2Ftags&post=615"}],"curies":[{"name":"wp","href":"https:\/\/api.w.org\/{rel}","templated":true}]}}