{"id":450,"date":"2013-11-04T23:03:26","date_gmt":"2013-11-04T21:03:26","guid":{"rendered":"http:\/\/www.atheologie.de\/blog\/?p=450"},"modified":"2014-07-28T21:25:59","modified_gmt":"2014-07-28T19:25:59","slug":"autobahnmaut-oder-was-geht-denn-hier-ab","status":"publish","type":"post","link":"https:\/\/www.atheologie.de\/blog\/?p=450","title":{"rendered":"Autobahnmaut &#8211; oder was geht denn hier ab?"},"content":{"rendered":"<p>Die deutschen Stra\u00dfen und zugeh\u00f6rige Infrastruktur sind renovierungsbed\u00fcrftig. Dazu braucht es Geld. Jetzt k\u00f6nnte man nat\u00fcrlich so ehrlich wie die SPD sein und Steuererh\u00f6hungen verlangen, die dann zu diesem Zweck genutzt werden k\u00f6nnten (<a href=\"http:\/\/www.tagesspiegel.de\/politik\/80-milliarden-investitionspaket-der-spd-peer-steinbrueck-will-in-infrastruktur-und-bildung-investieren\/8450318.html\" target=\"_blank\">tagesspiegel<\/a>). Denkbar w\u00e4re auch eine allgemeine Maut f\u00fcr In- und Ausl\u00e4nder, die ehrlicherweise auch so genannt und diskutiert werden sollte. Oder man k\u00f6nnte, wie CSU und CDU, Steuererh\u00f6hungen kategorisch ausschlie\u00dfen. M\u00f6glicherweise hat man jedoch auch schon bei der CSU festgestellt, da\u00df der Staat schlichtweg mehr Geld ben\u00f6tigt. Da k\u00e4me so eine Maut, nat\u00fcrlich nur f\u00fcr Ausl\u00e4nder, ganz recht. Ist ja keine &#8222;Steuer&#8220;, und Deutsche zahlen laut CSU sowieso nicht. Zumindest erstmal nicht?<!--more--><\/p>\n<p><strong>Die deutschen B\u00fcrger wollen keine allgemeine Maut<\/strong><\/p>\n<p>Die Mehrheit der deutschen B\u00fcrger will keine Autobahnmaut &#8211; zumindest dann nicht, wenn sie selbst daf\u00fcr zahlen sollen: Laut einer <a href=\"http:\/\/www.focus.de\/politik\/deutschland\/umfrage-56-prozent-gegen-pkw-maut-deutsche-glauben-nicht-dass-maut-nur-auslaender-trifft_aid_1074294.html\" target=\"_blank\">Emnid-Umfrage f\u00fcr den Focus<\/a> lehnen 56% der Befragten eine allgemeine PKW-Maut ab. Nur wenn die Maut ausschlie\u00dflich f\u00fcr Ausl\u00e4nder gelten w\u00fcrde, ergibt sich eine Zustimmung von 56%; was in meinen Augen haupts\u00e4chlich eine recht besch\u00e4mende Variante des <a href=\"http:\/\/de.wikipedia.org\/wiki\/Sankt-Florian-Prinzip\" target=\"_blank\">Sankt-Florian-Prinzips<\/a> ist. Eine neuere Umfrage von <a href=\"http:\/\/www.handelsblatt.com\/politik\/deutschland\/bundestagswahl-2013\/forsa-umfrage-entweder-zahlen-alle-oder-keiner\/8845234-2.html\" target=\"_blank\">Forsa f\u00fcr das Handelsblatt<\/a> ergibt ein \u00e4hnliches Bild. Eine Mehrheit von 41% ist gegen eine Autobahnsteuer jeglicher Art, 35% w\u00fcrden eine Maut nur f\u00fcr Ausl\u00e4nder akzeptieren und 22% w\u00fcnschen sich eine generelle Maut f\u00fcr alle. Interessanterweise scheren hier die Befragten CSU-Anh\u00e4nger aus: mit 37% bzw. 48% bef\u00fcrworten sie eine generelle Maut bzw. eine solche nur f\u00fcr Ausl\u00e4nder.<\/p>\n<p><strong>Alle Parteien im Bundestag au\u00dfer der CSU wollen keine Maut<\/strong><\/p>\n<p>Merkel, und somit vermutlich auch die CDU, wollen keine Autobahnmaut (<a href=\"http:\/\/www.sueddeutsche.de\/politik\/streit-um-pkw-maut-merkel-will-kompromiss-mit-der-csu-suchen-1.1767011\" target=\"_blank\">S\u00fcddeutsche<\/a>). Die Linke wollen sowieso keine (<a href=\"http:\/\/www.linksfraktion.de\/reden\/pkw-maut-waere-ungerecht\/\" target=\"_blank\">Linksfraktion<\/a>). F\u00fcr die SPD w\u00e4re eine Maut unsozial (<a href=\"http:\/\/www.spd.de\/aktuelles\/85286\/20130108_pkw_maut_csu_spd.html\" target=\"_blank\">SPD<\/a>). Ach ja, selbst die FDP w\u00e4re dagegen (<a href=\"http:\/\/www.finanznachrichten.de\/nachrichten-2013-08\/27710059-fdp-chef-roesler-lehnt-autobahnmaut-fuer-pkw-ab-003.htm\" target=\"_blank\">Finanznachrichten.de<\/a>). Selbst die Gr\u00fcnen, obwohl immer mal ein bi\u00dfchen unentschlossen (<a href=\"http:\/\/www.tagesspiegel.de\/politik\/vier-wochen-vor-der-bundestagswahl-gruene-streiten-um-pkw-maut\/8691708.html\" target=\"_blank\">Tagesspiegel<\/a>), lehnen in ihren Wahlprogrammen in Bayern (<a href=\"http:\/\/http:\/\/www.augsburger-allgemeine.de\/bayern\/Das-Wahlprogramm-der-Gruenen-id26491486.html\" target=\"_blank\">Augsburger Allgemeine<\/a>), als auch im Bund (<a href=\"http:\/\/http:\/\/web.de\/magazine\/bundestagswahl\/wahlprogramme\/17700750-verkehrspolitik-wahlprogramm-tempolimit-pkw-maut.html\" target=\"_blank\">Web.de<\/a>), eine allgemeine PKW-Maut ab.<\/p>\n<p>Nur die Lokalpartei und kleinste Fraktion im Bundestag, die CSU, mit einem bundesweiten Stimmenanteil von 7,4%, m\u00f6chte die Autobahnmaut (<a href=\"http:\/\/www.tagesschau.de\/inland\/maut122.html\" target=\"_blank\">tagesschau<\/a>). Oh &#8211; auch die AFD k\u00f6nnte sich das vorstellen, allerdings nur nach einem Volksentscheid (<a href=\"http:\/\/www.afdbayern.de\/vertiefende-infos\/verkehrspolitik-maut-tempolimit\/http:\/\/\" target=\"_blank\">AFD<\/a>). Und auch die Reisemanager h\u00e4tten gerne eine Maut &#8211; aber bitte nur f\u00fcr ausl\u00e4ndische G\u00e4ste und daf\u00fcr besser die Bettensteuer abschaffen (<a href=\"http:\/\/www.welt.de\/reise\/article119328553\/Reisemanager-plaedieren-fuer-die-Autobahnmaut.html\" target=\"_blank\">Welt.de<\/a>)<\/p>\n<p><strong>EU wird sich querstellen<\/strong><\/p>\n<p>Und nat\u00fcrlich Europa: abgesehen davon, da\u00df eine einseitige Benachteiligung von Ausl\u00e4ndern schlichtweg dem sozialen Gedanken widerspr\u00e4che, machen auch europ\u00e4ische Gesetze eine &#8222;Ausl\u00e4ndermaut&#8220; h\u00f6chstwahrscheinlich unm\u00f6glich, so wie bereits bei der LKW-Maut ein entsprechendes Ansinnen, nur Ausl\u00e4nder zahlen zu lassen, ausgebremst wurde.<\/p>\n<p><strong>In die Zukunft gedacht<\/strong><\/p>\n<p>Was w\u00e4re nun, wenn eine Bundesregierung tats\u00e4chlich die PKW-Maut f\u00fcr alle, inklusive Entlastung f\u00fcr deutsche Autofahrer bei der KFZ-Steuer einf\u00fchrte?<\/p>\n<p>Ignorieren wir mal die rechnerischen Probleme, da\u00df auch wirklich kein deutscher Autofahrer mehr bezahlen soll als heute, selbst nicht die Fahrer von steuerbefreiten Elektrofahrzeugen (<a href=\"http:\/\/www.spiegel.de\/auto\/aktuell\/keine-kfz-steuer-fuer-elektroautos-zehn-jahre-lang-a-834800.html\">Spiegel.de<\/a>). Ignorieren wir den sozialen Aspekt, da\u00df Autobahnvielfahrer, die vermutlich eine komplette Jahresmaut Maut zahlen m\u00fcssten, eine h\u00f6here Steuerentlastung bekommen m\u00fc\u00dften gegen\u00fcber Nicht- oder Wenignutzern. Oder sollen auch KFZ-Besitzer, die Autobahnen gar nicht nutzen, einen Steuernachla\u00df bekommen? Auch wenn sie gar kein &#8222;Pickerl&#8220; kaufen werden? Viel Spa\u00df beim Berechnen.<\/p>\n<p>Selbst wenn wir all das ignorieren: Die Einnahmen werden vermutlich \u00fcberschaubar bleiben, man kann wohl froh sein, wenn die entstehenden b\u00fcrokratischen Kosten gedeckt werden k\u00f6nnen (<a href=\"http:\/\/www.swr.de\/swrinfo\/pkwmaut\/-\/id=7612\/nid=7612\/did=10147756\/1xafcpu\/index.html\" target=\"_blank\">SWR.de<\/a>). Denn: nur 5% der Autobahnnutzer sind Ausl\u00e4nder. Der Rest: deutsche Autofahrer. 95%.<\/p>\n<p>Auch dann, wenn die Maut f\u00fcr alle gerecht und ohne zus\u00e4tzliche Kosten f\u00fcr jeden einzelnen eingef\u00fchrt wurde &#8211;\u00a0 die Entlastung \u00fcber die KFZ-Steuer ist tr\u00fcgerisch: In Zukunft w\u00fcrden sich die KFZ-Steuer und die Maut vermutlich unabh\u00e4ngig voneinander entwickeln. Es ist nicht zu vermuten, da\u00df auch bei zuk\u00fcnftigen, m\u00f6glichen Mauterh\u00f6hungen \u00e4hnliche Kompensierungen bei der KFZ-Steuer stattfinden werden. Letztendlich wird es, langfristig, sicherlich auch f\u00fcr deutsche Autofahrer teurer werden.<\/p>\n<p><strong>Res\u00fcme<br \/>\n<\/strong><\/p>\n<p>Es ergibt sich also folgendes Bild: Die Deutschen wollen keine allgemeine Autobahnmaut, allenfalls ausschlie\u00dflich f\u00fcr Ausl\u00e4nder. Die Parteien des Bundestags, mit Ausnahme der 7,4%-CSU, wollen keine Autobahnmaut. Das von der CSU anvisierte Modell mit Entlastungen \u00fcber die KFZ-Steuer wird vermutlich von der EU abgelehnt werden. Zudem werden eine Erhebung der Maut und eine Anpassung der KFZ-Steuer in einer Art und Weise, so da\u00df kein deutscher Autofahrer mehr zahlen mu\u00df, vermutlich unm\u00f6glich sein. Und vermutlich wird hier ein b\u00fcrokratisches Monster geschaffen, da\u00df kaum die Unkosten decken wird. Schon gar nicht kann die Bevorteilung deutscher Autofahrer gegen\u00fcber ausl\u00e4ndischen G\u00e4sten f\u00fcr die Zukunft garantiert werden.<\/p>\n<p>Meine Erwartungshaltung: die Maut wird kommen.<\/p>\n<p>Erg\u00e4nzung 5. November 2013: Heute hat die <a href=\"http:\/\/www.sueddeutsche.de\/auto\/2.220\/pkw-maut-warum-die-maut-nichts-taugt-1.1810650\" target=\"_blank\">S\u00fcddeutsche <\/a>einen weiteren, lesenswerten <a href=\"http:\/\/www.sueddeutsche.de\/auto\/2.220\/pkw-maut-warum-die-maut-nichts-taugt-1.1810650\" target=\"_blank\">Artikel <\/a>publiziert: gegen eine Flatrate-Maut, f\u00fcr ein intelligentes Verkehrssteuerungssystem.<\/p>\n<p><em>Beitragsbild: <a href=\"http:\/\/commons.wikimedia.org\/wiki\/File:Windr%C3%A4der_bei_Poppenwurth.JPG\" target=\"_blank\">Commons\/Wikimedia<\/a>, <a title=\"de:User:Kira Nerys\" href=\"http:\/\/de.wikipedia.org\/wiki\/User:Kira_Nerys\">Kira Nerys<\/a> aus der <a title=\"de:\" href=\"http:\/\/de.wikipedia.org\/wiki\/\" target=\"_blank\">deutschsprachigen Wikipedia,\u00a0<\/a><a title=\"w:de:Creative Commons\" href=\"http:\/\/en.wikipedia.org\/wiki\/de:Creative_Commons\" target=\"_blank\">Creative Commons<\/a>-Lizenz <a href=\"http:\/\/creativecommons.org\/licenses\/by-sa\/3.0\/deed.de\" target=\"_blank\" rel=\"nofollow\">Namensnennung-Weitergabe unter gleichen Bedingungen 3.0 Unported<\/a><\/em><\/p>\n<p>&nbsp;<\/p>\n","protected":false},"excerpt":{"rendered":"<p>Die deutschen Stra\u00dfen und zugeh\u00f6rige Infrastruktur sind renovierungsbed\u00fcrftig. Dazu braucht es Geld. Jetzt k\u00f6nnte man nat\u00fcrlich so ehrlich wie die SPD sein und Steuererh\u00f6hungen verlangen, die dann zu diesem Zweck genutzt werden k\u00f6nnten (tagesspiegel). Denkbar w\u00e4re auch eine allgemeine Maut f\u00fcr In- und Ausl\u00e4nder, die ehrlicherweise auch so genannt und diskutiert werden sollte. Oder man [&hellip;]<\/p>\n","protected":false},"author":1,"featured_media":459,"comment_status":"closed","ping_status":"open","sticky":false,"template":"","format":"standard","meta":{"footnotes":""},"categories":[3],"tags":[],"class_list":["post-450","post","type-post","status-publish","format-standard","has-post-thumbnail","hentry","category-politik"],"_links":{"self":[{"href":"https:\/\/www.atheologie.de\/blog\/index.php?rest_route=\/wp\/v2\/posts\/450","targetHints":{"allow":["GET"]}}],"collection":[{"href":"https:\/\/www.atheologie.de\/blog\/index.php?rest_route=\/wp\/v2\/posts"}],"about":[{"href":"https:\/\/www.atheologie.de\/blog\/index.php?rest_route=\/wp\/v2\/types\/post"}],"author":[{"embeddable":true,"href":"https:\/\/www.atheologie.de\/blog\/index.php?rest_route=\/wp\/v2\/users\/1"}],"replies":[{"embeddable":true,"href":"https:\/\/www.atheologie.de\/blog\/index.php?rest_route=%2Fwp%2Fv2%2Fcomments&post=450"}],"version-history":[{"count":9,"href":"https:\/\/www.atheologie.de\/blog\/index.php?rest_route=\/wp\/v2\/posts\/450\/revisions"}],"predecessor-version":[{"id":461,"href":"https:\/\/www.atheologie.de\/blog\/index.php?rest_route=\/wp\/v2\/posts\/450\/revisions\/461"}],"wp:featuredmedia":[{"embeddable":true,"href":"https:\/\/www.atheologie.de\/blog\/index.php?rest_route=\/wp\/v2\/media\/459"}],"wp:attachment":[{"href":"https:\/\/www.atheologie.de\/blog\/index.php?rest_route=%2Fwp%2Fv2%2Fmedia&parent=450"}],"wp:term":[{"taxonomy":"category","embeddable":true,"href":"https:\/\/www.atheologie.de\/blog\/index.php?rest_route=%2Fwp%2Fv2%2Fcategories&post=450"},{"taxonomy":"post_tag","embeddable":true,"href":"https:\/\/www.atheologie.de\/blog\/index.php?rest_route=%2Fwp%2Fv2%2Ftags&post=450"}],"curies":[{"name":"wp","href":"https:\/\/api.w.org\/{rel}","templated":true}]}}